{"id":8083,"date":"2024-06-13T07:09:31","date_gmt":"2024-06-13T07:09:31","guid":{"rendered":"https:\/\/lyc-auffray-clichy.ac-versailles.fr\/?p=8083"},"modified":"2024-06-13T07:09:31","modified_gmt":"2024-06-13T07:09:31","slug":"inscriptions-au-lycee-rene-auffray-pour-2024-2025","status":"publish","type":"post","link":"https:\/\/lyc-auffray-clichy.ac-versailles.fr\/index.php\/2024\/06\/13\/inscriptions-au-lycee-rene-auffray-pour-2024-2025\/","title":{"rendered":"inscriptions au lyc\u00e9e Ren\u00e9 Auffray pour 2024 &#8211; 2025"},"content":{"rendered":"<div class=\"l-submain\"><div class=\"l-submain-h g-html i-cf\"><p>Les inscriptions au lyc\u00e9e Ren\u00e9 Auffray auront lieu du 27 juin au 10\u00a0 juillet 2024<\/p>\n<p><strong>Les \u00e9l\u00e8ves doivent se pr\u00e9senter avec un de leur responsable l\u00e9gal (s&#8217;il est mineur) le jour et l&#8217;heure indiqu\u00e9s.<\/strong><\/p>\n<p>&#8211;\u00a0<strong>Les \u00e9l\u00e8ves s&#8217;inscrivant en fili\u00e8re pr\u00e9-Bac (<\/strong>2GT, 2STHR, 2nde pro ASSP, 2nde pro m\u00e9tiers de l&#8217;H\u00f4tellerie-Restauration, 2nde pro m\u00e9tiers Gestion-Administration, 1e ann\u00e9e de CAP commercialisation et services en h\u00f4tel-caf\u00e9-restaurant, 1e ann\u00e9e de CAP cuisine<strong>) doivent obligatoirement se pr\u00e9-inscrire \u00e0 partir des T\u00e9l\u00e9services <a href=\"https:\/\/educonnect.education.gouv.fr\" target=\"_blank\" rel=\"noopener\">https:\/\/educonnect.education.gouv.fr<\/a> avant de venir s&#8217;inscrire au lyc\u00e9e selon le planning ci-joint.<\/strong><\/p>\n<table width=\"721\">\n<tbody>\n<tr>\n<td width=\"721\"><\/td>\n<\/tr>\n<tr>\n<td>\n<table>\n<tbody>\n<tr>\n<td width=\"721\">jeudi 27 juin 2024<\/td>\n<\/tr>\n<\/tbody>\n<\/table>\n<\/td>\n<\/tr>\n<tr>\n<td>Heures<\/td>\n<\/tr>\n<tr>\n<td>8h30\u00a0\u00a0\u00a0\u00a0\u00a0\u00a0\u00a0\u00a0\u00a0\u00a0\u00a0\u00a0\u00a0\u00a0\u00a0\u00a0\u00a0\u00a0\u00a0\u00a0\u00a0\u00a0 CAP 1e ann\u00e9e :\u00a0 accueil en amphit\u00e9atre puis au restaurant Bernard Loiseau<\/td>\n<\/tr>\n<tr>\n<td>9h30\u00a0\u00a0\u00a0\u00a0\u00a0\u00a0\u00a0\u00a0\u00a0\u00a0\u00a0\u00a0\u00a0\u00a0\u00a0\u00a0\u00a0\u00a0\u00a0\u00a0\u00a0\u00a0 2nde HR\/2 STHR: accueil en amphit\u00e9atre puis au restaurant Bernard Loiseau<\/td>\n<\/tr>\n<tr>\n<td>10H30\u00a0\u00a0\u00a0\u00a0\u00a0\u00a0\u00a0\u00a0\u00a0\u00a0\u00a0\u00a0\u00a0\u00a0\u00a0\u00a0\u00a0\u00a0\u00a0 2nde ASSP\u00a0\u00a0 : accueil\u00a0 hall par les \u00e9quipes p\u00e9dagogiques, puis au foyer pour les inscriptions.<\/td>\n<\/tr>\n<tr>\n<td><\/td>\n<\/tr>\n<tr>\n<td>14H00\u00a0\u00a0\u00a0\u00a0\u00a0\u00a0\u00a0\u00a0\u00a0\u00a0\u00a0\u00a0\u00a0\u00a0\u00a0\u00a0\u00a0 2nde Agora :\u00a0 Accueil foyer pour les inscriptions.<\/td>\n<\/tr>\n<tr>\n<td>vendredi 28 juin 2024<\/td>\n<\/tr>\n<tr>\n<td>Heures<\/td>\n<\/tr>\n<tr>\n<td>8h30\u00a0\u00a0\u00a0\u00a0\u00a0\u00a0\u00a0\u00a0\u00a0\u00a0\u00a0\u00a0\u00a0\u00a0\u00a0\u00a0\u00a0\u00a0\u00a0\u00a0\u00a0 2nde G\u00e9n\u00e9rale et technologique Coll\u00e8ge Van Gogh Clichy<\/td>\n<\/tr>\n<tr>\n<td><\/td>\n<\/tr>\n<tr>\n<td>14h\u00a0\u00a0\u00a0\u00a0\u00a0\u00a0\u00a0\u00a0\u00a0\u00a0\u00a0\u00a0\u00a0\u00a0\u00a0\u00a0\u00a0\u00a0\u00a0\u00a0\u00a0\u00a0\u00a0\u00a0 2nde G\u00e9n\u00e9rale et technologique Coll\u00e8ge Jean Jaures Clichy et autres coll\u00e8ges<\/td>\n<\/tr>\n<tr>\n<td>15h30\u00a0\u00a0\u00a0\u00a0\u00a0\u00a0\u00a0\u00a0\u00a0\u00a0\u00a0\u00a0\u00a0\u00a0\u00a0\u00a0\u00a0\u00a0\u00a0\u00a0 2 nde G\u00e9n\u00e9rale et technologique Jean Mac\u00e9 Clichy<\/td>\n<\/tr>\n<tr>\n<td>Lundi 01 Juillet\u00a0 2024<\/td>\n<\/tr>\n<tr>\n<td>Heures<\/td>\n<\/tr>\n<tr>\n<td><\/td>\n<\/tr>\n<tr>\n<td>9h\u00a0\u00a0\u00a0\u00a0\u00a0\u00a0\u00a0\u00a0\u00a0\u00a0\u00a0\u00a0\u00a0\u00a0\u00a0\u00a0\u00a0\u00a0\u00a0\u00a0\u00a0\u00a0\u00a0\u00a0\u00a0\u00a0\u00a0\u00a0 1\u00a0 \u00e8re ST2S<\/td>\n<\/tr>\n<tr>\n<td>14h-15h30\u00a0\u00a0\u00a0\u00a0\u00a0\u00a0\u00a0\u00a0\u00a0\u00a0\u00a0\u00a0\u00a0 1 STHR<\/td>\n<\/tr>\n<tr>\n<td>\u00a0\u00a0\u00a0\u00a0\u00a0\u00a0\u00a0\u00a0\u00a0\u00a0\u00a0\u00a0\u00a0\u00a0\u00a0\u00a0\u00a0\u00a0\u00a0\u00a0\u00a0\u00a0\u00a0\u00a0\u00a0\u00a0\u00a0\u00a0\u00a0\u00a0\u00a0\u00a0\u00a0\u00a0\u00a0\u00a0\u00a0\u00a0\u00a0\u00a0\u00a0\u00a0\u00a0\u00a0\u00a0\u00a0\u00a0\u00a0\u00a0\u00a0\u00a0\u00a0\u00a0\u00a0\u00a0\u00a0\u00a0\u00a0\u00a0\u00a0\u00a0\u00a0\u00a0\u00a0\u00a0\u00a0\u00a0\u00a0\u00a0\u00a0\u00a0\u00a0\u00a0\u00a0\u00a0\u00a0\u00a0\u00a0\u00a0\u00a0\u00a0\u00a0\u00a0\u00a0\u00a0\u00a0\u00a0\u00a0\u00a0\u00a0\u00a0 Mardi 09 juillet 2024<\/td>\n<\/tr>\n<tr>\n<td><\/td>\n<\/tr>\n<tr>\n<td>9h-11h\u00a0\u00a0\u00a0\u00a0\u00a0\u00a0\u00a0\u00a0\u00a0\u00a0\u00a0\u00a0\u00a0\u00a0\u00a0\u00a0\u00a0\u00a0\u00a0\u00a0\u00a0 AS AP<\/td>\n<\/tr>\n<tr>\n<td>Mercredi 10 Juillet 2024<\/td>\n<\/tr>\n<tr>\n<td>Heures<\/td>\n<\/tr>\n<tr>\n<td>9h\u00a0\u00a0\u00a0\u00a0\u00a0\u00a0\u00a0\u00a0\u00a0\u00a0\u00a0\u00a0\u00a0\u00a0\u00a0\u00a0\u00a0\u00a0\u00a0\u00a0\u00a0\u00a0\u00a0 BTS MCOR- BTS MHR- MAN<\/td>\n<\/tr>\n<tr>\n<td>10h-11h\u00a0\u00a0\u00a0\u00a0\u00a0\u00a0\u00a0\u00a0\u00a0\u00a0\u00a0\u00a0 AS AP<\/td>\n<\/tr>\n<tr>\n<td>11h- 12h\u00a0\u00a0\u00a0\u00a0\u00a0\u00a0\u00a0\u00a0\u00a0\u00a0\u00a0\u00a0 BTS Di\u00e9t\u00e9tique<\/td>\n<\/tr>\n<tr>\n<td>14h -15h\u00a0\u00a0\u00a0\u00a0\u00a0\u00a0\u00a0\u00a0\u00a0\u00a0\u00a0\u00a0 BTS Tourisme<\/td>\n<\/tr>\n<tr>\n<td><\/td>\n<\/tr>\n<\/tbody>\n<\/table>\n<p>Les documents n\u00e9cessaires \u00e0 l&#8217;inscription seront au pr\u00e9alable t\u00e9l\u00e9charg\u00e9s sur la plateforme educonnect <a href=\"https:\/\/educonnect.education.gouv.fr\" target=\"_blank\" rel=\"noopener\">https:\/\/educonnect.education.gouv.fr<\/a> , imprim\u00e9s et compl\u00e9t\u00e9s.<\/p>\n<p>Si besoin, les documents d&#8217;inscription peuvent \u00eatre r\u00e9cup\u00e9r\u00e9s en format papier \u00e0 \u00a0l&#8217;accueil du lyc\u00e9e (9h-12h &#8211; 14h-17h).<\/p>\n<p><strong>Tout dossier incomplet ne sera pas accept\u00e9 et emp\u00eachera l&#8217;inscription de l&#8217;\u00e9l\u00e8ve ou de l\u2019\u00e9tudiant au lyc\u00e9e.<\/strong><\/p>\n<p>&nbsp;<\/p>\n<h1><em><strong>Pour les documents : cliquer ci dessous :<\/strong> <\/em><\/h1>\n<p>&nbsp;<\/p>\n<p><a href=\"https:\/\/lyc-auffray-clichy.ac-versailles.fr\/wp-content\/uploads\/sites\/134\/2024\/06\/fiche-confidentielle-renseignements-medicaux-2023-2024-13.docx\">fiche confidentielle renseignements medicaux 2023-2024 1(3)<\/a> <a href=\"https:\/\/lyc-auffray-clichy.ac-versailles.fr\/wp-content\/uploads\/sites\/134\/2024\/06\/Fiche-inscription-2024-2025.docx\">Fiche inscription 2024-2025<\/a><a href=\"https:\/\/lyc-auffray-clichy.ac-versailles.fr\/wp-content\/uploads\/sites\/134\/2024\/06\/PLANNING-DES-INSCRIPTIONS-2024-2025.xlsx\">PLANNING DES INSCRIPTIONS 2024-2025<\/a> <a href=\"https:\/\/lyc-auffray-clichy.ac-versailles.fr\/wp-content\/uploads\/sites\/134\/2024\/06\/vaccins-obligatoires-2nd3.docx\">vaccins obligatoires 2nd(3)<\/a> <a href=\"https:\/\/lyc-auffray-clichy.ac-versailles.fr\/wp-content\/uploads\/sites\/134\/2024\/06\/E-Fiche-intendance-INSCRIPTION-2024.doc\">\u20ac Fiche intendance INSCRIPTION 2024<\/a> <a href=\"https:\/\/lyc-auffray-clichy.ac-versailles.fr\/wp-content\/uploads\/sites\/134\/2024\/06\/Charte-parents-suivi-scolarite-2024-2025.docx\">Charte parents suivi scolarit\u00e9 2024-2025<\/a> <a href=\"https:\/\/lyc-auffray-clichy.ac-versailles.fr\/wp-content\/uploads\/sites\/134\/2024\/06\/Fiche-choix-enseignement-optionnel-2GT-2021-2022.docx\">Fiche choix enseignement optionnel 2GT 2021-2022<\/a><\/p>\n<p>&nbsp;<\/p>\n<p>pour les BTS :<\/p>\n<p><a href=\"https:\/\/lyc-auffray-clichy.ac-versailles.fr\/wp-content\/uploads\/sites\/134\/2024\/06\/fiche-renseignement.pdf\">fiche renseignement<\/a><\/p>\n<\/div><\/div>","protected":false},"excerpt":{"rendered":"<p>Les inscriptions au lyc\u00e9e Ren\u00e9 Auffray auront lieu du 27 juin au 10\u00a0 juillet 2024 Les \u00e9l\u00e8ves doivent se pr\u00e9senter avec un de leur responsable l\u00e9gal (s&#8217;il est mineur) le jour et l&#8217;heure indiqu\u00e9s. &#8211;\u00a0Les \u00e9l\u00e8ves s&#8217;inscrivant en fili\u00e8re pr\u00e9-Bac<\/p>\n","protected":false},"author":3879,"featured_media":0,"comment_status":"closed","ping_status":"closed","sticky":false,"template":"","format":"standard","meta":{"_crdt_document":"","footnotes":""},"categories":[99,84],"tags":[],"class_list":["post-8083","post","type-post","status-publish","format-standard","hentry","category-actu-vie-de-leleve","category-actualites"],"_links":{"self":[{"href":"https:\/\/lyc-auffray-clichy.ac-versailles.fr\/index.php\/wp-json\/wp\/v2\/posts\/8083","targetHints":{"allow":["GET"]}}],"collection":[{"href":"https:\/\/lyc-auffray-clichy.ac-versailles.fr\/index.php\/wp-json\/wp\/v2\/posts"}],"about":[{"href":"https:\/\/lyc-auffray-clichy.ac-versailles.fr\/index.php\/wp-json\/wp\/v2\/types\/post"}],"author":[{"embeddable":true,"href":"https:\/\/lyc-auffray-clichy.ac-versailles.fr\/index.php\/wp-json\/wp\/v2\/users\/3879"}],"replies":[{"embeddable":true,"href":"https:\/\/lyc-auffray-clichy.ac-versailles.fr\/index.php\/wp-json\/wp\/v2\/comments?post=8083"}],"version-history":[{"count":1,"href":"https:\/\/lyc-auffray-clichy.ac-versailles.fr\/index.php\/wp-json\/wp\/v2\/posts\/8083\/revisions"}],"predecessor-version":[{"id":8092,"href":"https:\/\/lyc-auffray-clichy.ac-versailles.fr\/index.php\/wp-json\/wp\/v2\/posts\/8083\/revisions\/8092"}],"wp:attachment":[{"href":"https:\/\/lyc-auffray-clichy.ac-versailles.fr\/index.php\/wp-json\/wp\/v2\/media?parent=8083"}],"wp:term":[{"taxonomy":"category","embeddable":true,"href":"https:\/\/lyc-auffray-clichy.ac-versailles.fr\/index.php\/wp-json\/wp\/v2\/categories?post=8083"},{"taxonomy":"post_tag","embeddable":true,"href":"https:\/\/lyc-auffray-clichy.ac-versailles.fr\/index.php\/wp-json\/wp\/v2\/tags?post=8083"}],"curies":[{"name":"wp","href":"https:\/\/api.w.org\/{rel}","templated":true}]}}