{"id":7563,"date":"2022-08-25T14:49:49","date_gmt":"2022-08-25T14:49:49","guid":{"rendered":"http:\/\/www.lyc-auffray-clichy.ac-versailles.fr\/?p=7563"},"modified":"2022-08-29T10:24:12","modified_gmt":"2022-08-29T10:24:12","slug":"ufa-dates-et-horaires-de-rentree-2022","status":"publish","type":"post","link":"https:\/\/lyc-auffray-clichy.ac-versailles.fr\/index.php\/2022\/08\/25\/ufa-dates-et-horaires-de-rentree-2022\/","title":{"rendered":"UFA \u2013 Dates et horaires de rentr\u00e9e 2022"},"content":{"rendered":"<div class=\"l-submain\"><div class=\"l-submain-h g-html i-cf\"><p>Chers \u00e9l\u00e8ves et parents d\u2019\u00e9l\u00e8ves,<\/p>\n<p>Vous trouverez ci-joint le planning des horaires de rentr\u00e9e 2022 pour l\u2019UFA.<\/p>\n<p>En vous souhaitant une bonne rentr\u00e9e.<\/p>\n<p>Sarah GIRAUD \/ Secr\u00e9tariat de Direction<\/p>\n<p><a href=\"https:\/\/lyc-auffray-clichy.ac-versailles.fr\/wp-content\/uploads\/sites\/134\/2022\/08\/UFA-RENTREE-horaires-par-classes-2022-1.pdf\">UFA RENTREE horaires par classes 2022<\/a><\/p>\n<\/div><\/div>","protected":false},"excerpt":{"rendered":"<p>Chers \u00e9l\u00e8ves et parents d\u2019\u00e9l\u00e8ves, Vous trouverez ci-joint le planning des horaires de rentr\u00e9e 2022 pour l\u2019UFA. En vous souhaitant une bonne rentr\u00e9e. Sarah GIRAUD \/ Secr\u00e9tariat de Direction UFA RENTREE horaires par classes 2022<\/p>\n","protected":false},"author":1927,"featured_media":7568,"comment_status":"closed","ping_status":"closed","sticky":false,"template":"","format":"standard","meta":{"_crdt_document":"","footnotes":""},"categories":[84],"tags":[],"class_list":["post-7563","post","type-post","status-publish","format-standard","has-post-thumbnail","hentry","category-actualites"],"_links":{"self":[{"href":"https:\/\/lyc-auffray-clichy.ac-versailles.fr\/index.php\/wp-json\/wp\/v2\/posts\/7563","targetHints":{"allow":["GET"]}}],"collection":[{"href":"https:\/\/lyc-auffray-clichy.ac-versailles.fr\/index.php\/wp-json\/wp\/v2\/posts"}],"about":[{"href":"https:\/\/lyc-auffray-clichy.ac-versailles.fr\/index.php\/wp-json\/wp\/v2\/types\/post"}],"author":[{"embeddable":true,"href":"https:\/\/lyc-auffray-clichy.ac-versailles.fr\/index.php\/wp-json\/wp\/v2\/users\/1927"}],"replies":[{"embeddable":true,"href":"https:\/\/lyc-auffray-clichy.ac-versailles.fr\/index.php\/wp-json\/wp\/v2\/comments?post=7563"}],"version-history":[{"count":3,"href":"https:\/\/lyc-auffray-clichy.ac-versailles.fr\/index.php\/wp-json\/wp\/v2\/posts\/7563\/revisions"}],"predecessor-version":[{"id":7570,"href":"https:\/\/lyc-auffray-clichy.ac-versailles.fr\/index.php\/wp-json\/wp\/v2\/posts\/7563\/revisions\/7570"}],"wp:featuredmedia":[{"embeddable":true,"href":"https:\/\/lyc-auffray-clichy.ac-versailles.fr\/index.php\/wp-json\/wp\/v2\/media\/7568"}],"wp:attachment":[{"href":"https:\/\/lyc-auffray-clichy.ac-versailles.fr\/index.php\/wp-json\/wp\/v2\/media?parent=7563"}],"wp:term":[{"taxonomy":"category","embeddable":true,"href":"https:\/\/lyc-auffray-clichy.ac-versailles.fr\/index.php\/wp-json\/wp\/v2\/categories?post=7563"},{"taxonomy":"post_tag","embeddable":true,"href":"https:\/\/lyc-auffray-clichy.ac-versailles.fr\/index.php\/wp-json\/wp\/v2\/tags?post=7563"}],"curies":[{"name":"wp","href":"https:\/\/api.w.org\/{rel}","templated":true}]}}