{"id":7183,"date":"2021-08-30T08:12:22","date_gmt":"2021-08-30T08:12:22","guid":{"rendered":"http:\/\/www.lyc-auffray-clichy.ac-versailles.fr\/?p=7183"},"modified":"2021-08-30T08:21:26","modified_gmt":"2021-08-30T08:21:26","slug":"rentree-2021-horaires-eleves-en-fonction-des-classes","status":"publish","type":"post","link":"https:\/\/lyc-auffray-clichy.ac-versailles.fr\/index.php\/2021\/08\/30\/rentree-2021-horaires-eleves-en-fonction-des-classes\/","title":{"rendered":"RENTR\u00c9E 2021 \u2013 horaires \u00e9l\u00e8ves en fonction des classes"},"content":{"rendered":"<div class=\"l-submain\"><div class=\"l-submain-h g-html i-cf\"><p>Chers \u00e9l\u00e8ves et parents d\u2019\u00e9l\u00e8ves,<\/p>\n<p>Vous trouverez ci-joint le planning des horaires de rentr\u00e9e 2021 en fonction des classes.<\/p>\n<p>En vous souhaitant une bonne rentr\u00e9e.<\/p>\n<p>Sarah GIRAUD \/ Secr\u00e9tariat de Direction<\/p>\n<p><a href=\"https:\/\/lyc-auffray-clichy.ac-versailles.fr\/wp-content\/uploads\/sites\/134\/2021\/08\/RENTREE-2021-horaires-par-classes.pdf\">RENTREE 2021 horaires par classes<\/a><\/p>\n<\/div><\/div>","protected":false},"excerpt":{"rendered":"<p>Chers \u00e9l\u00e8ves et parents d\u2019\u00e9l\u00e8ves, Vous trouverez ci-joint le planning des horaires de rentr\u00e9e 2021 en fonction des classes. En vous souhaitant une bonne rentr\u00e9e. Sarah GIRAUD \/ Secr\u00e9tariat de Direction RENTREE 2021 horaires par classes<\/p>\n","protected":false},"author":1927,"featured_media":7185,"comment_status":"closed","ping_status":"closed","sticky":false,"template":"","format":"standard","meta":{"_crdt_document":"","footnotes":""},"categories":[84],"tags":[],"class_list":["post-7183","post","type-post","status-publish","format-standard","has-post-thumbnail","hentry","category-actualites"],"_links":{"self":[{"href":"https:\/\/lyc-auffray-clichy.ac-versailles.fr\/index.php\/wp-json\/wp\/v2\/posts\/7183","targetHints":{"allow":["GET"]}}],"collection":[{"href":"https:\/\/lyc-auffray-clichy.ac-versailles.fr\/index.php\/wp-json\/wp\/v2\/posts"}],"about":[{"href":"https:\/\/lyc-auffray-clichy.ac-versailles.fr\/index.php\/wp-json\/wp\/v2\/types\/post"}],"author":[{"embeddable":true,"href":"https:\/\/lyc-auffray-clichy.ac-versailles.fr\/index.php\/wp-json\/wp\/v2\/users\/1927"}],"replies":[{"embeddable":true,"href":"https:\/\/lyc-auffray-clichy.ac-versailles.fr\/index.php\/wp-json\/wp\/v2\/comments?post=7183"}],"version-history":[{"count":1,"href":"https:\/\/lyc-auffray-clichy.ac-versailles.fr\/index.php\/wp-json\/wp\/v2\/posts\/7183\/revisions"}],"predecessor-version":[{"id":7186,"href":"https:\/\/lyc-auffray-clichy.ac-versailles.fr\/index.php\/wp-json\/wp\/v2\/posts\/7183\/revisions\/7186"}],"wp:featuredmedia":[{"embeddable":true,"href":"https:\/\/lyc-auffray-clichy.ac-versailles.fr\/index.php\/wp-json\/wp\/v2\/media\/7185"}],"wp:attachment":[{"href":"https:\/\/lyc-auffray-clichy.ac-versailles.fr\/index.php\/wp-json\/wp\/v2\/media?parent=7183"}],"wp:term":[{"taxonomy":"category","embeddable":true,"href":"https:\/\/lyc-auffray-clichy.ac-versailles.fr\/index.php\/wp-json\/wp\/v2\/categories?post=7183"},{"taxonomy":"post_tag","embeddable":true,"href":"https:\/\/lyc-auffray-clichy.ac-versailles.fr\/index.php\/wp-json\/wp\/v2\/tags?post=7183"}],"curies":[{"name":"wp","href":"https:\/\/api.w.org\/{rel}","templated":true}]}}