{"id":5934,"date":"2019-04-06T08:39:23","date_gmt":"2019-04-06T08:39:23","guid":{"rendered":"http:\/\/www.lyc-auffray-clichy.ac-versailles.fr\/?p=5934"},"modified":"2019-04-06T11:47:40","modified_gmt":"2019-04-06T11:47:40","slug":"28-eme-edition-echange-franco-allemand-2","status":"publish","type":"post","link":"https:\/\/lyc-auffray-clichy.ac-versailles.fr\/index.php\/2019\/04\/06\/28-eme-edition-echange-franco-allemand-2\/","title":{"rendered":"Echange Franco Allemand"},"content":{"rendered":"<div class=\"l-submain\"><div class=\"l-submain-h g-html i-cf\"><div>Bonjour \u00e0 tous,<\/div>\n<div><\/div>\n<p>&nbsp;<\/p>\n<div>\n<div>Dans le cadre de l\u2019atelier d\u2019arts plastiques, nous avons r\u00e9alis\u00e9 des <strong>tableaux sur l\u2019amiti\u00e9 franco-allemand<\/strong>e. Nous allons les offrir aux familles d\u2019accueil lors du s\u00e9jour \u00e0 Heidenheim, financ\u00e9 par la ville de Clichy. 9 \u00e9l\u00e8ves germanophones (1ST2SA, S et STHR) partent avec Madame Hagemann et Madame Vuichard du 9 au 11 Avril \u00e0 une <strong>rencontre avec des jeunes de la ville de St. P\u00f6lten et d\u2019Heidenheim<\/strong>.<\/div>\n<div><\/div>\n<p>&nbsp;<\/p>\n<div>N\u2019h\u00e9sitez pas \u00e0 nous suivre sur notre blog \u00ab Heidecli \u00bb sur Instagram ! : <span style=\"text-decoration: underline\"><span style=\"color: #0000ff\"><a style=\"color: #0000ff;text-decoration: underline\" href=\"https:\/\/www.instagram.com\/heidecli\/\">https:\/\/www.instagram.com\/heidecli\/<\/a><\/span><\/span><\/div>\n<p>&nbsp;<\/p>\n<div><\/div>\n<\/div>\n<div>\n<div class=\"w-gallery layout_tile size_s\"> <div class=\"w-gallery-h\"> <div class=\"w-gallery-tnails\"> <div class=\"w-gallery-tnails-h\"><a class=\"w-gallery-tnail order_1\" href=\"https:\/\/lyc-auffray-clichy.ac-versailles.fr\/wp-content\/uploads\/sites\/134\/2019\/04\/unnamed.jpg\" title=\"unnamed\"><span class=\"w-gallery-tnail-h\"><img loading=\"lazy\" decoding=\"async\" width=\"160\" height=\"160\" src=\"https:\/\/lyc-auffray-clichy.ac-versailles.fr\/wp-content\/uploads\/sites\/134\/2019\/04\/unnamed-160x160.jpg\" class=\"attachment-gallery-s size-gallery-s\" alt=\"\" srcset=\"https:\/\/lyc-auffray-clichy.ac-versailles.fr\/wp-content\/uploads\/sites\/134\/2019\/04\/unnamed-160x160.jpg 160w, https:\/\/lyc-auffray-clichy.ac-versailles.fr\/wp-content\/uploads\/sites\/134\/2019\/04\/unnamed-150x150.jpg 150w, https:\/\/lyc-auffray-clichy.ac-versailles.fr\/wp-content\/uploads\/sites\/134\/2019\/04\/unnamed-490x490.jpg 490w, https:\/\/lyc-auffray-clichy.ac-versailles.fr\/wp-content\/uploads\/sites\/134\/2019\/04\/unnamed-91x91.jpg 91w, https:\/\/lyc-auffray-clichy.ac-versailles.fr\/wp-content\/uploads\/sites\/134\/2019\/04\/unnamed-192x192.jpg 192w, https:\/\/lyc-auffray-clichy.ac-versailles.fr\/wp-content\/uploads\/sites\/134\/2019\/04\/unnamed-244x244.jpg 244w, https:\/\/lyc-auffray-clichy.ac-versailles.fr\/wp-content\/uploads\/sites\/134\/2019\/04\/unnamed-350x350.jpg 350w\" sizes=\"auto, (max-width: 160px) 100vw, 160px\" \/><span class=\"w-gallery-tnail-title\"><i class=\"fa fa-search\"><\/i><\/span><\/span><\/a><a class=\"w-gallery-tnail order_2\" href=\"https:\/\/lyc-auffray-clichy.ac-versailles.fr\/wp-content\/uploads\/sites\/134\/2019\/04\/unnamed2.jpg\" title=\"unnamed2\"><span class=\"w-gallery-tnail-h\"><img loading=\"lazy\" decoding=\"async\" width=\"160\" height=\"160\" src=\"https:\/\/lyc-auffray-clichy.ac-versailles.fr\/wp-content\/uploads\/sites\/134\/2019\/04\/unnamed2-160x160.jpg\" class=\"attachment-gallery-s size-gallery-s\" alt=\"\" srcset=\"https:\/\/lyc-auffray-clichy.ac-versailles.fr\/wp-content\/uploads\/sites\/134\/2019\/04\/unnamed2-160x160.jpg 160w, https:\/\/lyc-auffray-clichy.ac-versailles.fr\/wp-content\/uploads\/sites\/134\/2019\/04\/unnamed2-150x150.jpg 150w, https:\/\/lyc-auffray-clichy.ac-versailles.fr\/wp-content\/uploads\/sites\/134\/2019\/04\/unnamed2-490x490.jpg 490w, https:\/\/lyc-auffray-clichy.ac-versailles.fr\/wp-content\/uploads\/sites\/134\/2019\/04\/unnamed2-91x91.jpg 91w, https:\/\/lyc-auffray-clichy.ac-versailles.fr\/wp-content\/uploads\/sites\/134\/2019\/04\/unnamed2-192x192.jpg 192w, https:\/\/lyc-auffray-clichy.ac-versailles.fr\/wp-content\/uploads\/sites\/134\/2019\/04\/unnamed2-244x244.jpg 244w, https:\/\/lyc-auffray-clichy.ac-versailles.fr\/wp-content\/uploads\/sites\/134\/2019\/04\/unnamed2-350x350.jpg 350w\" sizes=\"auto, (max-width: 160px) 100vw, 160px\" \/><span class=\"w-gallery-tnail-title\"><i class=\"fa fa-search\"><\/i><\/span><\/span><\/a><a class=\"w-gallery-tnail order_3\" href=\"https:\/\/lyc-auffray-clichy.ac-versailles.fr\/wp-content\/uploads\/sites\/134\/2019\/04\/unnamed3.jpg\" title=\"unnamed3\"><span class=\"w-gallery-tnail-h\"><img loading=\"lazy\" decoding=\"async\" width=\"160\" height=\"160\" src=\"https:\/\/lyc-auffray-clichy.ac-versailles.fr\/wp-content\/uploads\/sites\/134\/2019\/04\/unnamed3-160x160.jpg\" class=\"attachment-gallery-s size-gallery-s\" alt=\"\" srcset=\"https:\/\/lyc-auffray-clichy.ac-versailles.fr\/wp-content\/uploads\/sites\/134\/2019\/04\/unnamed3-160x160.jpg 160w, https:\/\/lyc-auffray-clichy.ac-versailles.fr\/wp-content\/uploads\/sites\/134\/2019\/04\/unnamed3-150x150.jpg 150w, https:\/\/lyc-auffray-clichy.ac-versailles.fr\/wp-content\/uploads\/sites\/134\/2019\/04\/unnamed3-490x490.jpg 490w, https:\/\/lyc-auffray-clichy.ac-versailles.fr\/wp-content\/uploads\/sites\/134\/2019\/04\/unnamed3-91x91.jpg 91w, https:\/\/lyc-auffray-clichy.ac-versailles.fr\/wp-content\/uploads\/sites\/134\/2019\/04\/unnamed3-192x192.jpg 192w, https:\/\/lyc-auffray-clichy.ac-versailles.fr\/wp-content\/uploads\/sites\/134\/2019\/04\/unnamed3-244x244.jpg 244w, https:\/\/lyc-auffray-clichy.ac-versailles.fr\/wp-content\/uploads\/sites\/134\/2019\/04\/unnamed3-350x350.jpg 350w\" sizes=\"auto, (max-width: 160px) 100vw, 160px\" \/><span class=\"w-gallery-tnail-title\"><i class=\"fa fa-search\"><\/i><\/span><\/span><\/a><a class=\"w-gallery-tnail order_4\" href=\"https:\/\/lyc-auffray-clichy.ac-versailles.fr\/wp-content\/uploads\/sites\/134\/2019\/04\/unnamed4.jpg\" title=\"unnamed4\"><span class=\"w-gallery-tnail-h\"><img loading=\"lazy\" decoding=\"async\" width=\"160\" height=\"160\" src=\"https:\/\/lyc-auffray-clichy.ac-versailles.fr\/wp-content\/uploads\/sites\/134\/2019\/04\/unnamed4-160x160.jpg\" class=\"attachment-gallery-s size-gallery-s\" alt=\"\" srcset=\"https:\/\/lyc-auffray-clichy.ac-versailles.fr\/wp-content\/uploads\/sites\/134\/2019\/04\/unnamed4-160x160.jpg 160w, https:\/\/lyc-auffray-clichy.ac-versailles.fr\/wp-content\/uploads\/sites\/134\/2019\/04\/unnamed4-150x150.jpg 150w, https:\/\/lyc-auffray-clichy.ac-versailles.fr\/wp-content\/uploads\/sites\/134\/2019\/04\/unnamed4-490x490.jpg 490w, https:\/\/lyc-auffray-clichy.ac-versailles.fr\/wp-content\/uploads\/sites\/134\/2019\/04\/unnamed4-91x91.jpg 91w, https:\/\/lyc-auffray-clichy.ac-versailles.fr\/wp-content\/uploads\/sites\/134\/2019\/04\/unnamed4-192x192.jpg 192w, https:\/\/lyc-auffray-clichy.ac-versailles.fr\/wp-content\/uploads\/sites\/134\/2019\/04\/unnamed4-244x244.jpg 244w, https:\/\/lyc-auffray-clichy.ac-versailles.fr\/wp-content\/uploads\/sites\/134\/2019\/04\/unnamed4-350x350.jpg 350w\" sizes=\"auto, (max-width: 160px) 100vw, 160px\" \/><span class=\"w-gallery-tnail-title\"><i class=\"fa fa-search\"><\/i><\/span><\/span><\/a><a class=\"w-gallery-tnail order_5\" href=\"https:\/\/lyc-auffray-clichy.ac-versailles.fr\/wp-content\/uploads\/sites\/134\/2019\/04\/unnamed5.jpg\" title=\"unnamed5\"><span class=\"w-gallery-tnail-h\"><img loading=\"lazy\" decoding=\"async\" width=\"160\" height=\"160\" src=\"https:\/\/lyc-auffray-clichy.ac-versailles.fr\/wp-content\/uploads\/sites\/134\/2019\/04\/unnamed5-160x160.jpg\" class=\"attachment-gallery-s size-gallery-s\" alt=\"\" srcset=\"https:\/\/lyc-auffray-clichy.ac-versailles.fr\/wp-content\/uploads\/sites\/134\/2019\/04\/unnamed5-160x160.jpg 160w, https:\/\/lyc-auffray-clichy.ac-versailles.fr\/wp-content\/uploads\/sites\/134\/2019\/04\/unnamed5-150x150.jpg 150w, https:\/\/lyc-auffray-clichy.ac-versailles.fr\/wp-content\/uploads\/sites\/134\/2019\/04\/unnamed5-490x490.jpg 490w, https:\/\/lyc-auffray-clichy.ac-versailles.fr\/wp-content\/uploads\/sites\/134\/2019\/04\/unnamed5-91x91.jpg 91w, https:\/\/lyc-auffray-clichy.ac-versailles.fr\/wp-content\/uploads\/sites\/134\/2019\/04\/unnamed5-192x192.jpg 192w, https:\/\/lyc-auffray-clichy.ac-versailles.fr\/wp-content\/uploads\/sites\/134\/2019\/04\/unnamed5-244x244.jpg 244w, https:\/\/lyc-auffray-clichy.ac-versailles.fr\/wp-content\/uploads\/sites\/134\/2019\/04\/unnamed5-350x350.jpg 350w\" sizes=\"auto, (max-width: 160px) 100vw, 160px\" \/><span class=\"w-gallery-tnail-title\"><i class=\"fa fa-search\"><\/i><\/span><\/span><\/a><\/div> <\/div> <\/div> <\/div>\n\n<\/div>\n<div><\/div>\n<\/div><\/div>","protected":false},"excerpt":{"rendered":"<p>Bonjour \u00e0 tous, &nbsp; Dans le cadre de l\u2019atelier d\u2019arts plastiques, nous avons r\u00e9alis\u00e9 des tableaux sur l\u2019amiti\u00e9 franco-allemande. Nous allons les offrir aux familles d\u2019accueil lors du s\u00e9jour \u00e0 Heidenheim, financ\u00e9 par la ville de Clichy. 9 \u00e9l\u00e8ves germanophones<\/p>\n","protected":false},"author":1052,"featured_media":5938,"comment_status":"closed","ping_status":"closed","sticky":false,"template":"","format":"standard","meta":{"_crdt_document":"","footnotes":""},"categories":[87,89,211,1,109],"tags":[250,307,181],"class_list":["post-5934","post","type-post","status-publish","format-standard","has-post-thumbnail","hentry","category-actu-hotellerie","category-actu-restauration","category-actualites-du-restaurant","category-uncategorized","category-visites-et-decouvertes","tag-allemagne","tag-arts-plastiques","tag-echange"],"_links":{"self":[{"href":"https:\/\/lyc-auffray-clichy.ac-versailles.fr\/index.php\/wp-json\/wp\/v2\/posts\/5934","targetHints":{"allow":["GET"]}}],"collection":[{"href":"https:\/\/lyc-auffray-clichy.ac-versailles.fr\/index.php\/wp-json\/wp\/v2\/posts"}],"about":[{"href":"https:\/\/lyc-auffray-clichy.ac-versailles.fr\/index.php\/wp-json\/wp\/v2\/types\/post"}],"author":[{"embeddable":true,"href":"https:\/\/lyc-auffray-clichy.ac-versailles.fr\/index.php\/wp-json\/wp\/v2\/users\/1052"}],"replies":[{"embeddable":true,"href":"https:\/\/lyc-auffray-clichy.ac-versailles.fr\/index.php\/wp-json\/wp\/v2\/comments?post=5934"}],"version-history":[{"count":6,"href":"https:\/\/lyc-auffray-clichy.ac-versailles.fr\/index.php\/wp-json\/wp\/v2\/posts\/5934\/revisions"}],"predecessor-version":[{"id":5945,"href":"https:\/\/lyc-auffray-clichy.ac-versailles.fr\/index.php\/wp-json\/wp\/v2\/posts\/5934\/revisions\/5945"}],"wp:featuredmedia":[{"embeddable":true,"href":"https:\/\/lyc-auffray-clichy.ac-versailles.fr\/index.php\/wp-json\/wp\/v2\/media\/5938"}],"wp:attachment":[{"href":"https:\/\/lyc-auffray-clichy.ac-versailles.fr\/index.php\/wp-json\/wp\/v2\/media?parent=5934"}],"wp:term":[{"taxonomy":"category","embeddable":true,"href":"https:\/\/lyc-auffray-clichy.ac-versailles.fr\/index.php\/wp-json\/wp\/v2\/categories?post=5934"},{"taxonomy":"post_tag","embeddable":true,"href":"https:\/\/lyc-auffray-clichy.ac-versailles.fr\/index.php\/wp-json\/wp\/v2\/tags?post=5934"}],"curies":[{"name":"wp","href":"https:\/\/api.w.org\/{rel}","templated":true}]}}