{"id":5878,"date":"2019-03-27T11:25:08","date_gmt":"2019-03-27T11:25:08","guid":{"rendered":"http:\/\/www.lyc-auffray-clichy.ac-versailles.fr\/?p=5878"},"modified":"2019-03-27T11:36:00","modified_gmt":"2019-03-27T11:36:00","slug":"28-eme-edition-echange-franco-allemand","status":"publish","type":"post","link":"https:\/\/lyc-auffray-clichy.ac-versailles.fr\/index.php\/2019\/03\/27\/28-eme-edition-echange-franco-allemand\/","title":{"rendered":"28 \u00e8me Edition Echange Franco Allemand"},"content":{"rendered":"<div class=\"l-submain\"><div class=\"l-submain-h g-html i-cf\"><p>L&#8217;<strong>\u00e9change entre le lyc\u00e9e Ren\u00e9 Auffray<\/strong>, repr\u00e9sent\u00e9 par les classes de Mise \u00e0 niveau (MAN) et de mentions compl\u00e9mentaires organisateurs de r\u00e9ceptions (MCOR) , et la <strong>section h\u00f4teli\u00e8re de la Berufschule 3 de Nuremberg<\/strong> a lieu pour la 28\u00e8me session cons\u00e9cutive. Des bin\u00f4mes sont form\u00e9s dans un objectif de partage, de d\u00e9couverte mutuelle, de renforcement en langues \u00e9trang\u00e8res, d&#8217;ouverture d&#8217;esprit et \u00e9galement de perspectives et d&#8217;encouragement \u00e0 une mobilit\u00e9 professionnelle.<\/p>\n<p>En France, les d\u00e9couvertes culturelles ont concern\u00e9 des lieux embl\u00e9matiques comme le <strong>march\u00e9 International de Rungis<\/strong>, impressionnant tant par son fonctionnement nocturne que par sa taille et tous les produits qui y circulent. D\u00e9couverte \u00e9galement d&#8217;un l<strong>yc\u00e9e viticole en Champagne<\/strong> avec des explications int\u00e9ressantes sur tout le circuit de la grappe de raisin \u00e0 la bouteille de champagne.<\/p>\n<p>A Nuremberg, les visites ont port\u00e9 entre autres sur la <strong>d\u00e9couverte culinaire et historique de la ville de Nuremberg<\/strong>, un atelier de torr\u00e9faction, le centre de documentation, un h\u00f4tel palace sp\u00e9cialis\u00e9 dans l&#8217;accueil et l&#8217;h\u00e9bergement de grands groupes&#8230;.<\/p>\n<p>C&#8217;est une exp\u00e9rience tr\u00e8s enrichissante pour les \u00e9l\u00e8ves tant d&#8217;un point de vue p\u00e9dagogique que culturel. Ils ont \u00e9galement eu l&#8217;opportunit\u00e9 d&#8217;effectuer un stage\u00a0 de deux semaines dans de prestigieux \u00e9tablissements.<\/p>\n<p>&nbsp;<\/p>\n<div id=\"attachment_5887\" style=\"width: 164px\" class=\"wp-caption alignnone\"><img loading=\"lazy\" decoding=\"async\" aria-describedby=\"caption-attachment-5887\" class=\" wp-image-5887\" src=\"https:\/\/lyc-auffray-clichy.ac-versailles.fr\/wp-content\/uploads\/sites\/134\/2019\/03\/IMG_20190207_114239-225x300.jpg\" alt=\"\" width=\"154\" height=\"205\" srcset=\"https:\/\/lyc-auffray-clichy.ac-versailles.fr\/wp-content\/uploads\/sites\/134\/2019\/03\/IMG_20190207_114239-225x300.jpg 225w, https:\/\/lyc-auffray-clichy.ac-versailles.fr\/wp-content\/uploads\/sites\/134\/2019\/03\/IMG_20190207_114239-768x1024.jpg 768w, https:\/\/lyc-auffray-clichy.ac-versailles.fr\/wp-content\/uploads\/sites\/134\/2019\/03\/IMG_20190207_114239-465x620.jpg 465w, https:\/\/lyc-auffray-clichy.ac-versailles.fr\/wp-content\/uploads\/sites\/134\/2019\/03\/IMG_20190207_114239-350x467.jpg 350w\" sizes=\"auto, (max-width: 154px) 100vw, 154px\" \/><p id=\"caption-attachment-5887\" class=\"wp-caption-text\">cof<\/p><\/div>\n<p><img loading=\"lazy\" decoding=\"async\" class=\" wp-image-5882\" src=\"https:\/\/lyc-auffray-clichy.ac-versailles.fr\/wp-content\/uploads\/sites\/134\/2019\/03\/IMG_20190205_071617-225x300.jpg\" alt=\"\" width=\"182\" height=\"243\" srcset=\"https:\/\/lyc-auffray-clichy.ac-versailles.fr\/wp-content\/uploads\/sites\/134\/2019\/03\/IMG_20190205_071617-225x300.jpg 225w, https:\/\/lyc-auffray-clichy.ac-versailles.fr\/wp-content\/uploads\/sites\/134\/2019\/03\/IMG_20190205_071617-768x1024.jpg 768w, https:\/\/lyc-auffray-clichy.ac-versailles.fr\/wp-content\/uploads\/sites\/134\/2019\/03\/IMG_20190205_071617-465x620.jpg 465w, https:\/\/lyc-auffray-clichy.ac-versailles.fr\/wp-content\/uploads\/sites\/134\/2019\/03\/IMG_20190205_071617-350x467.jpg 350w\" sizes=\"auto, (max-width: 182px) 100vw, 182px\" \/><\/p>\n<p><img loading=\"lazy\" decoding=\"async\" class=\"size-medium wp-image-5880\" src=\"https:\/\/lyc-auffray-clichy.ac-versailles.fr\/wp-content\/uploads\/sites\/134\/2019\/03\/IMG_20190207_154439-300x225.jpg\" alt=\"\" width=\"300\" height=\"225\" srcset=\"https:\/\/lyc-auffray-clichy.ac-versailles.fr\/wp-content\/uploads\/sites\/134\/2019\/03\/IMG_20190207_154439-300x225.jpg 300w, https:\/\/lyc-auffray-clichy.ac-versailles.fr\/wp-content\/uploads\/sites\/134\/2019\/03\/IMG_20190207_154439-768x576.jpg 768w, https:\/\/lyc-auffray-clichy.ac-versailles.fr\/wp-content\/uploads\/sites\/134\/2019\/03\/IMG_20190207_154439-1024x768.jpg 1024w, https:\/\/lyc-auffray-clichy.ac-versailles.fr\/wp-content\/uploads\/sites\/134\/2019\/03\/IMG_20190207_154439-465x349.jpg 465w, https:\/\/lyc-auffray-clichy.ac-versailles.fr\/wp-content\/uploads\/sites\/134\/2019\/03\/IMG_20190207_154439-350x263.jpg 350w\" sizes=\"auto, (max-width: 300px) 100vw, 300px\" \/><\/p>\n<p><img loading=\"lazy\" decoding=\"async\" class=\"size-medium wp-image-5889\" src=\"https:\/\/lyc-auffray-clichy.ac-versailles.fr\/wp-content\/uploads\/sites\/134\/2019\/03\/IMG_20190312_094440_BURST002-300x225.jpg\" alt=\"\" width=\"300\" height=\"225\" srcset=\"https:\/\/lyc-auffray-clichy.ac-versailles.fr\/wp-content\/uploads\/sites\/134\/2019\/03\/IMG_20190312_094440_BURST002-300x225.jpg 300w, https:\/\/lyc-auffray-clichy.ac-versailles.fr\/wp-content\/uploads\/sites\/134\/2019\/03\/IMG_20190312_094440_BURST002-768x576.jpg 768w, https:\/\/lyc-auffray-clichy.ac-versailles.fr\/wp-content\/uploads\/sites\/134\/2019\/03\/IMG_20190312_094440_BURST002-1024x768.jpg 1024w, https:\/\/lyc-auffray-clichy.ac-versailles.fr\/wp-content\/uploads\/sites\/134\/2019\/03\/IMG_20190312_094440_BURST002-465x349.jpg 465w, https:\/\/lyc-auffray-clichy.ac-versailles.fr\/wp-content\/uploads\/sites\/134\/2019\/03\/IMG_20190312_094440_BURST002-350x263.jpg 350w\" sizes=\"auto, (max-width: 300px) 100vw, 300px\" \/><\/p>\n<\/div><\/div>","protected":false},"excerpt":{"rendered":"<p>L&#8217;\u00e9change entre le lyc\u00e9e Ren\u00e9 Auffray, repr\u00e9sent\u00e9 par les classes de Mise \u00e0 niveau (MAN) et de mentions compl\u00e9mentaires organisateurs de r\u00e9ceptions (MCOR) , et la section h\u00f4teli\u00e8re de la Berufschule 3 de Nuremberg a lieu pour la 28\u00e8me session<\/p>\n","protected":false},"author":1373,"featured_media":5889,"comment_status":"closed","ping_status":"closed","sticky":false,"template":"","format":"standard","meta":{"_crdt_document":"","footnotes":""},"categories":[87,89,211,1,109],"tags":[317,294,181,318,193,316],"class_list":["post-5878","post","type-post","status-publish","format-standard","has-post-thumbnail","hentry","category-actu-hotellerie","category-actu-restauration","category-actualites-du-restaurant","category-uncategorized","category-visites-et-decouvertes","tag-culinaire","tag-decouvertes","tag-echange","tag-nuremberg","tag-stage","tag-visites"],"_links":{"self":[{"href":"https:\/\/lyc-auffray-clichy.ac-versailles.fr\/index.php\/wp-json\/wp\/v2\/posts\/5878","targetHints":{"allow":["GET"]}}],"collection":[{"href":"https:\/\/lyc-auffray-clichy.ac-versailles.fr\/index.php\/wp-json\/wp\/v2\/posts"}],"about":[{"href":"https:\/\/lyc-auffray-clichy.ac-versailles.fr\/index.php\/wp-json\/wp\/v2\/types\/post"}],"author":[{"embeddable":true,"href":"https:\/\/lyc-auffray-clichy.ac-versailles.fr\/index.php\/wp-json\/wp\/v2\/users\/1373"}],"replies":[{"embeddable":true,"href":"https:\/\/lyc-auffray-clichy.ac-versailles.fr\/index.php\/wp-json\/wp\/v2\/comments?post=5878"}],"version-history":[{"count":5,"href":"https:\/\/lyc-auffray-clichy.ac-versailles.fr\/index.php\/wp-json\/wp\/v2\/posts\/5878\/revisions"}],"predecessor-version":[{"id":5901,"href":"https:\/\/lyc-auffray-clichy.ac-versailles.fr\/index.php\/wp-json\/wp\/v2\/posts\/5878\/revisions\/5901"}],"wp:featuredmedia":[{"embeddable":true,"href":"https:\/\/lyc-auffray-clichy.ac-versailles.fr\/index.php\/wp-json\/wp\/v2\/media\/5889"}],"wp:attachment":[{"href":"https:\/\/lyc-auffray-clichy.ac-versailles.fr\/index.php\/wp-json\/wp\/v2\/media?parent=5878"}],"wp:term":[{"taxonomy":"category","embeddable":true,"href":"https:\/\/lyc-auffray-clichy.ac-versailles.fr\/index.php\/wp-json\/wp\/v2\/categories?post=5878"},{"taxonomy":"post_tag","embeddable":true,"href":"https:\/\/lyc-auffray-clichy.ac-versailles.fr\/index.php\/wp-json\/wp\/v2\/tags?post=5878"}],"curies":[{"name":"wp","href":"https:\/\/api.w.org\/{rel}","templated":true}]}}