{"id":5418,"date":"2019-01-14T14:25:08","date_gmt":"2019-01-14T14:25:08","guid":{"rendered":"http:\/\/www.lyc-auffray-clichy.ac-versailles.fr\/?p=5418"},"modified":"2019-01-14T14:48:34","modified_gmt":"2019-01-14T14:48:34","slug":"section-euro-2","status":"publish","type":"post","link":"https:\/\/lyc-auffray-clichy.ac-versailles.fr\/index.php\/2019\/01\/14\/section-euro-2\/","title":{"rendered":"Groupe d&#8217;\u00e9change pour parents d&#8217;enfants en situation de handicap"},"content":{"rendered":"<div class=\"l-submain\"><div class=\"l-submain-h g-html i-cf\"><p>Les parents Clichois d\u2019enfants en situation de handicap ont souhait\u00e9 cr\u00e9er un espace pour s\u2019exprimer en dehors des structures officielles ou m\u00e9dicales.<\/p>\n<p>La ville de Clichy, la Mission Accessibilit\u00e9 &amp; Handicap organise une fois par mois ces groupes d\u2019\u00e9changes afin qu\u2019ils puissent \u00e9changer, s\u2019aider mutuellement et favoriser les \u00e9changes.<\/p>\n<p>Pour les parents qui le souhaitent, une garderie gratuite est propos\u00e9e sur place. Cette garderie est assur\u00e9e par les \u00e9l\u00e8ves du lyc\u00e9e Ren\u00e9 Auffray de la fili\u00e8re Baccalaur\u00e9at professionnel &#8220;Accompagnement Soin et Service \u00e0 la Personne&#8221; en pr\u00e9sence d\u2019 un professionnel.<\/p>\n<p>Les prochaines dates :<\/p>\n<ul>\n<li>lundi 21 janvier 18h30<\/li>\n<li>lundi 18 f\u00e9vrier 18h30<\/li>\n<li>lundi 18 mars 18h30<\/li>\n<\/ul>\n<p>Maison des associations, 80, Bd du g\u00e9n\u00e9ral Leclerc.<\/p>\n<p><span style=\"color: #ffffff\"><a ref=\"magnificPopup\" href=\"https:\/\/lyc-auffray-clichy.ac-versailles.fr\/wp-content\/uploads\/sites\/134\/2018\/10\/zap_byrds5.jpg\"><img loading=\"lazy\" decoding=\"async\" class=\"alignnone size-full wp-image-5765\" src=\"https:\/\/lyc-auffray-clichy.ac-versailles.fr\/wp-content\/uploads\/sites\/134\/2018\/10\/zap_byrds5.jpg\" alt=\"\" width=\"479\" height=\"687\" srcset=\"https:\/\/lyc-auffray-clichy.ac-versailles.fr\/wp-content\/uploads\/sites\/134\/2018\/10\/zap_byrds5.jpg 479w, https:\/\/lyc-auffray-clichy.ac-versailles.fr\/wp-content\/uploads\/sites\/134\/2018\/10\/zap_byrds5-209x300.jpg 209w, https:\/\/lyc-auffray-clichy.ac-versailles.fr\/wp-content\/uploads\/sites\/134\/2018\/10\/zap_byrds5-465x667.jpg 465w, https:\/\/lyc-auffray-clichy.ac-versailles.fr\/wp-content\/uploads\/sites\/134\/2018\/10\/zap_byrds5-350x502.jpg 350w\" sizes=\"auto, (max-width: 479px) 100vw, 479px\" \/><\/a>Vous \u00eates parents d&#8217;un enfant en situation de handicap ? Tous les mois un groupe de parents se r\u00e9unit pour partager difficult\u00e9s, mais aussi r\u00e9ussites.<\/span><\/p>\n<\/div><\/div>","protected":false},"excerpt":{"rendered":"<p>Les parents Clichois d\u2019enfants en situation de handicap ont souhait\u00e9 cr\u00e9er un espace pour s\u2019exprimer en dehors des structures officielles ou m\u00e9dicales. La ville de Clichy, la Mission Accessibilit\u00e9 &amp; Handicap organise une fois par mois ces groupes d\u2019\u00e9changes afin<\/p>\n","protected":false},"author":1052,"featured_media":5765,"comment_status":"closed","ping_status":"closed","sticky":false,"template":"","format":"standard","meta":{"_crdt_document":"","footnotes":""},"categories":[84],"tags":[181,125,275,274],"class_list":["post-5418","post","type-post","status-publish","format-standard","has-post-thumbnail","hentry","category-actualites","tag-echange","tag-enfants","tag-groupe-de-parole","tag-handicap"],"_links":{"self":[{"href":"https:\/\/lyc-auffray-clichy.ac-versailles.fr\/index.php\/wp-json\/wp\/v2\/posts\/5418","targetHints":{"allow":["GET"]}}],"collection":[{"href":"https:\/\/lyc-auffray-clichy.ac-versailles.fr\/index.php\/wp-json\/wp\/v2\/posts"}],"about":[{"href":"https:\/\/lyc-auffray-clichy.ac-versailles.fr\/index.php\/wp-json\/wp\/v2\/types\/post"}],"author":[{"embeddable":true,"href":"https:\/\/lyc-auffray-clichy.ac-versailles.fr\/index.php\/wp-json\/wp\/v2\/users\/1052"}],"replies":[{"embeddable":true,"href":"https:\/\/lyc-auffray-clichy.ac-versailles.fr\/index.php\/wp-json\/wp\/v2\/comments?post=5418"}],"version-history":[{"count":9,"href":"https:\/\/lyc-auffray-clichy.ac-versailles.fr\/index.php\/wp-json\/wp\/v2\/posts\/5418\/revisions"}],"predecessor-version":[{"id":5766,"href":"https:\/\/lyc-auffray-clichy.ac-versailles.fr\/index.php\/wp-json\/wp\/v2\/posts\/5418\/revisions\/5766"}],"wp:featuredmedia":[{"embeddable":true,"href":"https:\/\/lyc-auffray-clichy.ac-versailles.fr\/index.php\/wp-json\/wp\/v2\/media\/5765"}],"wp:attachment":[{"href":"https:\/\/lyc-auffray-clichy.ac-versailles.fr\/index.php\/wp-json\/wp\/v2\/media?parent=5418"}],"wp:term":[{"taxonomy":"category","embeddable":true,"href":"https:\/\/lyc-auffray-clichy.ac-versailles.fr\/index.php\/wp-json\/wp\/v2\/categories?post=5418"},{"taxonomy":"post_tag","embeddable":true,"href":"https:\/\/lyc-auffray-clichy.ac-versailles.fr\/index.php\/wp-json\/wp\/v2\/tags?post=5418"}],"curies":[{"name":"wp","href":"https:\/\/api.w.org\/{rel}","templated":true}]}}